{"id":27,"date":"2017-07-02T17:49:17","date_gmt":"2017-07-02T17:49:17","guid":{"rendered":"http:\/\/www.estudio41.es\/blog\/?p=27"},"modified":"2017-07-12T07:54:26","modified_gmt":"2017-07-12T07:54:26","slug":"incorporacion-de-iluminacion-al-mobiliario-e-interiorismo","status":"publish","type":"post","link":"http:\/\/www.estudio41.es\/blog\/incorporacion-de-iluminacion-al-mobiliario-e-interiorismo\/","title":{"rendered":"Incorporaci\u00f3n de la iluminaci\u00f3n al mobiliario e interiorismo"},"content":{"rendered":"<p>Lux, es la parte de la radiaci\u00f3n electromagn\u00e9tica percibida por el ojo humano. Su adaptaci\u00f3n al espacio y su forma de reaccionar con los elementos sobre los que interfiere es la clave de un buen uso en el interiorismo.<\/p>\n<p>Nuestras propuestas de uso de la luz en el mobiliario y en el interiorismo parten de un estudio eficiente del espacio, de un uso apropiado de la energ\u00eda y de un resultado est\u00e9tico cuidado.<br \/>\nPara ello contamos con varias herramientas, perfiles, difusores, puntos de luz y sistemas de regulaci\u00f3n.<\/p>\n<p>Respecto a los perfiles existen muchos y diversos fabricantes, lo importante es que el perfil este anonizado.<br \/>\nSu delgadez y sobretodo su capacidad de disipaci\u00f3n del calor hacen que sean necesarios en muchas de las superficies de madera. Incorporamos perfiles de superficie, empotrados, angulares, suelo, pared, colgantes, de techo, arquitect\u00f3nicos o especiales en funci\u00f3n del proyecto. Para proyectos en zonas h\u00famedas contamos con la certificaci\u00f3n de estanqueidad IP65.<\/p>\n<p>En funci\u00f3n del tipo de tira de luz que usemos conseguiremos un efecto distinto. Tambi\u00e9n es importante saber aparte del tipo de tonalidad a usar, que tipo de potencia y voltaje es el necesario, as\u00ed como si es necesario usar estabilizadores de corriente en funci\u00f3n de las medidas.<\/p>\n<p><img loading=\"lazy\" decoding=\"async\" class=\"alignnone size-full wp-image-28\" src=\"http:\/\/www.estudio41.es\/blog\/wp-content\/uploads\/2017\/07\/luz-en-interiorismo.jpg\" alt=\"\" width=\"906\" height=\"262\" srcset=\"http:\/\/www.estudio41.es\/blog\/wp-content\/uploads\/2017\/07\/luz-en-interiorismo.jpg 906w, http:\/\/www.estudio41.es\/blog\/wp-content\/uploads\/2017\/07\/luz-en-interiorismo-300x87.jpg 300w, http:\/\/www.estudio41.es\/blog\/wp-content\/uploads\/2017\/07\/luz-en-interiorismo-768x222.jpg 768w, http:\/\/www.estudio41.es\/blog\/wp-content\/uploads\/2017\/07\/luz-en-interiorismo-600x174.jpg 600w\" sizes=\"(max-width: 906px) 100vw, 906px\" \/><\/p>\n<p>En definitiva, la iluminaci\u00f3n que usemos forma parte del conjunto ambiental que queramos lograr. Desde actuaciones sencillas como iluminar un mueble concreto a hacer que un espacio nos aporte la sensaci\u00f3n que necesitemos.<\/p>\n","protected":false},"excerpt":{"rendered":"<p>Lux, es la parte de la radiaci\u00f3n electromagn\u00e9tica percibida por el ojo humano. Su adaptaci\u00f3n al espacio y su forma de reaccionar con los elementos sobre los que interfiere es la clave de un buen uso en el interiorismo. Nuestras&#8230; <a class=\"more-link\" href=\"http:\/\/www.estudio41.es\/blog\/incorporacion-de-iluminacion-al-mobiliario-e-interiorismo\/\">Sigue Leyendo <\/a><\/p>\n","protected":false},"author":1,"featured_media":45,"comment_status":"open","ping_status":"open","sticky":false,"template":"","format":"standard","meta":{"footnotes":""},"categories":[3],"tags":[],"class_list":["post-27","post","type-post","status-publish","format-standard","has-post-thumbnail","hentry","category-interiorismo"],"post_mailing_queue_ids":[],"_links":{"self":[{"href":"http:\/\/www.estudio41.es\/blog\/wp-json\/wp\/v2\/posts\/27"}],"collection":[{"href":"http:\/\/www.estudio41.es\/blog\/wp-json\/wp\/v2\/posts"}],"about":[{"href":"http:\/\/www.estudio41.es\/blog\/wp-json\/wp\/v2\/types\/post"}],"author":[{"embeddable":true,"href":"http:\/\/www.estudio41.es\/blog\/wp-json\/wp\/v2\/users\/1"}],"replies":[{"embeddable":true,"href":"http:\/\/www.estudio41.es\/blog\/wp-json\/wp\/v2\/comments?post=27"}],"version-history":[{"count":6,"href":"http:\/\/www.estudio41.es\/blog\/wp-json\/wp\/v2\/posts\/27\/revisions"}],"predecessor-version":[{"id":49,"href":"http:\/\/www.estudio41.es\/blog\/wp-json\/wp\/v2\/posts\/27\/revisions\/49"}],"wp:featuredmedia":[{"embeddable":true,"href":"http:\/\/www.estudio41.es\/blog\/wp-json\/wp\/v2\/media\/45"}],"wp:attachment":[{"href":"http:\/\/www.estudio41.es\/blog\/wp-json\/wp\/v2\/media?parent=27"}],"wp:term":[{"taxonomy":"category","embeddable":true,"href":"http:\/\/www.estudio41.es\/blog\/wp-json\/wp\/v2\/categories?post=27"},{"taxonomy":"post_tag","embeddable":true,"href":"http:\/\/www.estudio41.es\/blog\/wp-json\/wp\/v2\/tags?post=27"}],"curies":[{"name":"wp","href":"https:\/\/api.w.org\/{rel}","templated":true}]}}